{"id":12016,"date":"2023-10-09T15:28:14","date_gmt":"2023-10-09T23:28:14","guid":{"rendered":"https:\/\/sfk.org\/?p=12016"},"modified":"2023-12-04T07:06:35","modified_gmt":"2023-12-04T15:06:35","slug":"ayudando-a-los-ninos-a-entender-el-poder-invisible-que-llevan-dentro","status":"publish","type":"post","link":"https:\/\/sfk.org\/es\/ayudando-a-los-ninos-a-entender-el-poder-invisible-que-llevan-dentro\/","title":{"rendered":"Ayudando a los ni\u00f1os a entender el Poder Invisible que llevan dentro"},"content":{"rendered":"<p><div class=\"fusion-fullwidth fullwidth-box fusion-builder-row-1 fusion-flex-container nonhundred-percent-fullwidth non-hundred-percent-height-scrolling\" style=\"--awb-border-radius-top-left:0px;--awb-border-radius-top-right:0px;--awb-border-radius-bottom-right:0px;--awb-border-radius-bottom-left:0px;--awb-padding-top:20px;--awb-padding-right:0px;--awb-padding-left:0px;--awb-padding-top-small:0px;--awb-margin-top:0px;--awb-flex-wrap:wrap;\" ><div class=\"fusion-builder-row fusion-row fusion-flex-align-items-flex-start fusion-flex-content-wrap\" style=\"max-width:calc( 1300px + 0px );margin-left: calc(-0px \/ 2 );margin-right: calc(-0px \/ 2 );\"><div class=\"fusion-layout-column fusion_builder_column fusion-builder-column-0 fusion_builder_column_1_1 1_1 fusion-flex-column\" style=\"--awb-padding-right-small:10px;--awb-bg-blend:overlay;--awb-bg-size:cover;--awb-width-large:100%;--awb-margin-top-large:0px;--awb-spacing-right-large:0px;--awb-margin-bottom-large:0px;--awb-spacing-left-large:0px;--awb-width-medium:100%;--awb-spacing-right-medium:0px;--awb-spacing-left-medium:0px;--awb-width-small:100%;--awb-margin-top-small:0px;--awb-spacing-right-small:0px;--awb-spacing-left-small:0px;\"><div class=\"fusion-column-wrapper fusion-flex-justify-content-flex-start fusion-content-layout-column\"><div class=\"fusion-text fusion-text-1\"><p class=\"\"><strong>Lo que est\u00e1 adentro de una persona es m\u00e1s importante que c\u00f3mo se ve por fuera.<\/strong><\/p>\n<p class=\"\">Lo primero que percibimos en las personas es su apariencia f\u00edsica, y los ni\u00f1os pueden pensar que eso es lo importante. O tambi\u00e9n pueden estar m\u00e1s preocupados por su aspecto exterior perdiendo as\u00ed su verdadero valor.<\/p>\n<p class=\"\">A trav\u00e9s de esta actividad, puedes mostrarles a tus hijos c\u00f3mo el interior moldea el exterior. Y c\u00f3mo nuestra esencia (puedes usar palabras como la fuerza vital, el esp\u00edritu, el alma, la Luz) es lo fundamental porque es lo que le da vida a una persona<\/p>\n<p class=\"\"><span style=\"color: #ff6600;\"><strong>Materiales:<\/strong><\/span><\/p>\n<p class=\"\">Uno \u00f3 dos globos que est\u00e9n inflados y tres \u00f3 cuatro globos sin inflar. Opcional: Un globo para cada ni\u00f1o.<\/p>\n<\/div><div class=\"fusion-image-element \" style=\"text-align:center;--awb-max-width:500px;--awb-caption-title-font-family:var(--h2_typography-font-family);--awb-caption-title-font-weight:var(--h2_typography-font-weight);--awb-caption-title-font-style:var(--h2_typography-font-style);--awb-caption-title-size:var(--h2_typography-font-size);--awb-caption-title-transform:var(--h2_typography-text-transform);--awb-caption-title-line-height:var(--h2_typography-line-height);--awb-caption-title-letter-spacing:var(--h2_typography-letter-spacing);\"><span class=\" fusion-imageframe imageframe-none imageframe-1 hover-type-none\"><img decoding=\"async\" width=\"1366\" height=\"738\" title=\"ballons activity sfk\" src=\"https:\/\/sfk.org\/wp-content\/uploads\/2023\/10\/ballons-activity-sfk.png\" data-orig-src=\"https:\/\/sfk.org\/wp-content\/uploads\/2023\/10\/ballons-activity-sfk.png\" alt class=\"lazyload img-responsive wp-image-11858\" srcset=\"data:image\/svg+xml,%3Csvg%20xmlns%3D%27http%3A%2F%2Fwww.w3.org%2F2000%2Fsvg%27%20width%3D%271366%27%20height%3D%27738%27%20viewBox%3D%270%200%201366%20738%27%3E%3Crect%20width%3D%271366%27%20height%3D%27738%27%20fill-opacity%3D%220%22%2F%3E%3C%2Fsvg%3E\" data-srcset=\"https:\/\/sfk.org\/wp-content\/uploads\/2023\/10\/ballons-activity-sfk-200x108.png 200w, https:\/\/sfk.org\/wp-content\/uploads\/2023\/10\/ballons-activity-sfk-400x216.png 400w, https:\/\/sfk.org\/wp-content\/uploads\/2023\/10\/ballons-activity-sfk-600x324.png 600w, https:\/\/sfk.org\/wp-content\/uploads\/2023\/10\/ballons-activity-sfk-800x432.png 800w, https:\/\/sfk.org\/wp-content\/uploads\/2023\/10\/ballons-activity-sfk-1200x648.png 1200w, https:\/\/sfk.org\/wp-content\/uploads\/2023\/10\/ballons-activity-sfk.png 1366w\" data-sizes=\"auto\" data-orig-sizes=\"(max-width: 700px) 100vw, 1366px\" \/><\/span><\/div><div class=\"fusion-text fusion-text-2\"><p class=\"\"><strong>Sigue estos pasos:<\/strong><\/p>\n<p class=\"\"><strong>1.<\/strong> Expl\u00edcales que cada globo representa a una persona. Cada persona al igual que los globos cuando son inflados, est\u00e1 llena con el &#8220;aliento de vida&#8221;.<\/p>\n<p class=\"\"><strong>2.<\/strong> Haz que tus hijos inflen los globos y los llenen con su aliento de vida. Expl\u00edcales que el aire (aliento de vida) est\u00e1 dentro de todos los globos y de todas las personas.<\/p>\n<p class=\"\"><strong>Puntos para reflexionar:<\/strong><\/p>\n<p class=\"\"><strong>3. <\/strong>Pregunta a los ni\u00f1os: \u00bfSe dan cuenta de que lo importante es lo que est\u00e1 dentro del globo, no c\u00f3mo se ve por fuera? Lo de adentro es lo que le da la forma al globo. Si no, estar\u00eda fl\u00e1cido y sin poder usarse, como los globos que a\u00fan no inflamos. Mu\u00e9strales esos globos desinflados como ejemplo.<\/p>\n<p class=\"\"><strong>4.<\/strong>La luz que llevamos dentro es nuestra verdadera esencia y es lo que nos otorga un valor significativo. Nuestros pensamientos y sentimientos tambi\u00e9n son elementos importantes que residen en nosotros. En muchos aspectos, estas cosas contribuyen a moldearnos a nosotros mismos y a nuestras experiencias.<\/p>\n<p class=\"\"><strong>5.<\/strong> Lo que nos hace a todos iguales es la Luz interna que compartimos, independientemente de nuestras apariencias externas.<\/p>\n<p class=\"\" style=\"text-align: center;\"><strong>En memoria de Peggy Joy Jenkins<\/strong><\/p>\n<\/div><\/div><\/div><\/div><\/div><div class=\"fusion-fullwidth fullwidth-box fusion-builder-row-2 fusion-flex-container nonhundred-percent-fullwidth non-hundred-percent-height-scrolling\" style=\"--awb-border-radius-top-left:0px;--awb-border-radius-top-right:0px;--awb-border-radius-bottom-right:0px;--awb-border-radius-bottom-left:0px;--awb-padding-bottom:0px;--awb-padding-right-small:0px;--awb-padding-left-small:0px;--awb-margin-bottom:0px;--awb-flex-wrap:wrap;\" ><div class=\"fusion-builder-row fusion-row fusion-flex-align-items-center fusion-flex-justify-content-center fusion-flex-content-wrap\" style=\"max-width:1365px;margin-left: calc(-5% \/ 2 );margin-right: calc(-5% \/ 2 );\"><div class=\"fusion-layout-column fusion_builder_column fusion-builder-column-1 fusion_builder_column_1_1 1_1 fusion-flex-column\" style=\"--awb-bg-size:cover;--awb-width-large:100%;--awb-margin-top-large:0px;--awb-spacing-right-large:2.375%;--awb-margin-bottom-large:20px;--awb-spacing-left-large:2.375%;--awb-width-medium:100%;--awb-order-medium:0;--awb-spacing-right-medium:2.375%;--awb-spacing-left-medium:2.375%;--awb-width-small:100%;--awb-order-small:0;--awb-spacing-right-small:2.375%;--awb-spacing-left-small:2.375%;\"><div class=\"fusion-column-wrapper fusion-column-has-shadow fusion-flex-justify-content-flex-start fusion-content-layout-column\"><div style=\"text-align:center;\"><a class=\"fusion-button button-flat button-xlarge button-custom fusion-button-default button-1 fusion-button-default-span fusion-button-default-type\" style=\"--button_accent_color:var(--awb-color1);--button_accent_hover_color:var(--awb-color1);--button_border_hover_color:var(--awb-color1);--button-border-radius-top-left:50px;--button-border-radius-top-right:50px;--button-border-radius-bottom-right:50px;--button-border-radius-bottom-left:50px;--button_gradient_top_color:var(--awb-custom_color_2);--button_gradient_bottom_color:var(--awb-custom_color_2);--button_gradient_top_color_hover:var(--awb-custom_color_4);--button_gradient_bottom_color_hover:var(--awb-custom_color_4);--button_text_transform:uppercase;\" target=\"_blank\" rel=\"noopener noreferrer\" href=\"https:\/\/www.dropbox.com\/scl\/fi\/0bmhgn4cquzqwxq5f9aok\/El-Poder-Invisible-SFK-Actividad-Familiar-2023.pdf?rlkey=qbo33c5530cbfx4iq2odzi4r8&amp;dl=0\"><span class=\"fusion-button-text\">Descarga la actividad en formato PDF<\/span><\/a><\/div><\/div><\/div><\/div><\/div><div class=\"fusion-fullwidth fullwidth-box fusion-builder-row-3 fusion-flex-container nonhundred-percent-fullwidth non-hundred-percent-height-scrolling\" style=\"--awb-border-radius-top-left:0px;--awb-border-radius-top-right:0px;--awb-border-radius-bottom-right:0px;--awb-border-radius-bottom-left:0px;--awb-padding-top:20px;--awb-padding-right:0px;--awb-padding-left:0px;--awb-padding-top-small:0px;--awb-margin-top:0px;--awb-flex-wrap:wrap;\" ><div class=\"fusion-builder-row fusion-row fusion-flex-align-items-flex-start fusion-flex-content-wrap\" style=\"max-width:calc( 1300px + 0px );margin-left: calc(-0px \/ 2 );margin-right: calc(-0px \/ 2 );\"><div class=\"fusion-layout-column fusion_builder_column fusion-builder-column-2 fusion_builder_column_1_1 1_1 fusion-flex-column\" style=\"--awb-padding-right-small:10px;--awb-bg-blend:overlay;--awb-bg-size:cover;--awb-width-large:100%;--awb-margin-top-large:0px;--awb-spacing-right-large:0px;--awb-margin-bottom-large:0px;--awb-spacing-left-large:0px;--awb-width-medium:100%;--awb-spacing-right-medium:0px;--awb-spacing-left-medium:0px;--awb-width-small:100%;--awb-margin-top-small:0px;--awb-spacing-right-small:0px;--awb-spacing-left-small:0px;\"><div class=\"fusion-column-wrapper fusion-flex-justify-content-flex-start fusion-content-layout-column\"><div class=\"fusion-separator fusion-full-width-sep\" style=\"align-self: center;margin-left: auto;margin-right: auto;width:100%;\"><div class=\"fusion-separator-border sep-shadow\" style=\"--awb-height:20px;--awb-amount:20px;background:radial-gradient(ellipse at 50% -50% , var(--awb-color4) 0px, rgba(255, 255, 255, 0) 80%) repeat scroll 0 0 rgba(0, 0, 0, 0);background:-webkit-radial-gradient(ellipse at 50% -50% , var(--awb-color4) 0px, rgba(255, 255, 255, 0) 80%) repeat scroll 0 0 rgba(0, 0, 0, 0);background:-moz-radial-gradient(ellipse at 50% -50% , var(--awb-color4) 0px, rgba(255, 255, 255, 0) 80%) repeat scroll 0 0 rgba(0, 0, 0, 0);background:-o-radial-gradient(ellipse at 50% -50% , var(--awb-color4) 0px, rgba(255, 255, 255, 0) 80%) repeat scroll 0 0 rgba(0, 0, 0, 0);\"><\/div><\/div><div class=\"fusion-text fusion-text-3\"><h3>Conoce m\u00e1s informaci\u00f3n acerca de nuestro curr\u00edculum:<\/h3>\n<p>Nuestro programa de aprendizaje socio-emocional, ense\u00f1a a los ni\u00f1os de 8 a 12 a\u00f1os de edad a comprender y manejar sus emociones, paso a paso mientras les proporciona las herramientas para aumentar su autoestima y encender su compasi\u00f3n por los dem\u00e1s. Emb\u00e1rcate junto a tus hijos en una aventura multimediatica en dos niveles llenos de ejercicios creativos y personajes divertidos. Todo desde la comodidad de tu hogar. <\/p>\n<\/div><\/div><\/div><\/div><\/div><div class=\"fusion-fullwidth fullwidth-box fusion-builder-row-4 fusion-flex-container has-pattern-background has-mask-background nonhundred-percent-fullwidth non-hundred-percent-height-scrolling\" style=\"--awb-border-radius-top-left:0px;--awb-border-radius-top-right:0px;--awb-border-radius-bottom-right:0px;--awb-border-radius-bottom-left:0px;--awb-padding-right-small:0px;--awb-padding-left-small:0px;--awb-margin-top:0px;--awb-flex-wrap:wrap;\" ><div class=\"fusion-builder-row fusion-row fusion-flex-align-items-center fusion-flex-justify-content-center fusion-flex-content-wrap\" style=\"max-width:1365px;margin-left: calc(-5% \/ 2 );margin-right: calc(-5% \/ 2 );\"><div class=\"fusion-layout-column fusion_builder_column fusion-builder-column-3 fusion_builder_column_1_2 1_2 fusion-flex-column fusion-column-inner-bg-wrapper fusion-column-liftup-border\" style=\"--awb-padding-top:30px;--awb-padding-right:38px;--awb-padding-bottom:30px;--awb-padding-left:38px;--awb-padding-top-small:20px;--awb-padding-right-small:20px;--awb-padding-left-small:20px;--awb-overflow:hidden;--awb-inner-bg-color:var(--awb-custom_color_4);--awb-inner-bg-color-hover:var(--awb-custom_color_4);--awb-inner-bg-size:cover;--awb-border-radius:20px 20px 20px 20px;--awb-liftup-border-radius:20px 20px 20px 20px;--awb-width-large:50%;--awb-margin-top-large:0px;--awb-spacing-right-large:4.75%;--awb-margin-bottom-large:20px;--awb-spacing-left-large:4.75%;--awb-width-medium:50%;--awb-order-medium:0;--awb-spacing-right-medium:4.75%;--awb-spacing-left-medium:4.75%;--awb-width-small:100%;--awb-order-small:0;--awb-spacing-right-small:2.375%;--awb-spacing-left-small:2.375%;\"><span class=\"fusion-column-inner-bg hover-type-liftup\"><a class=\"fusion-column-anchor\" href=\"https:\/\/sfk.org\/nivel1\"><span class=\"fusion-column-inner-bg-image\"><\/span><\/a><\/span><div class=\"fusion-column-wrapper fusion-flex-justify-content-flex-start fusion-content-layout-column\"><div class=\"fusion-image-element \" style=\"--awb-liftup-border-radius:0px;--awb-caption-title-font-family:var(--h2_typography-font-family);--awb-caption-title-font-weight:var(--h2_typography-font-weight);--awb-caption-title-font-style:var(--h2_typography-font-style);--awb-caption-title-size:var(--h2_typography-font-size);--awb-caption-title-transform:var(--h2_typography-text-transform);--awb-caption-title-line-height:var(--h2_typography-line-height);--awb-caption-title-letter-spacing:var(--h2_typography-letter-spacing);\"><div class=\"awb-image-frame awb-image-frame-2 imageframe-liftup\"><span class=\" fusion-imageframe imageframe-glow imageframe-2\" style=\"-webkit-box-shadow: 0 0 3px var(--awb-color7);box-shadow: 0 0 3px var(--awb-color7);\"><img decoding=\"async\" width=\"705\" height=\"397\" title=\"Spanish Logo Level 1 Teachable\" src=\"https:\/\/sfk.org\/wp-content\/uploads\/2022\/05\/Spanish-Logo-Level-1-Teachable.png\" data-orig-src=\"https:\/\/sfk.org\/wp-content\/uploads\/2022\/05\/Spanish-Logo-Level-1-Teachable.png\" alt class=\"lazyload img-responsive wp-image-2692\" srcset=\"data:image\/svg+xml,%3Csvg%20xmlns%3D%27http%3A%2F%2Fwww.w3.org%2F2000%2Fsvg%27%20width%3D%27705%27%20height%3D%27397%27%20viewBox%3D%270%200%20705%20397%27%3E%3Crect%20width%3D%27705%27%20height%3D%27397%27%20fill-opacity%3D%220%22%2F%3E%3C%2Fsvg%3E\" data-srcset=\"https:\/\/sfk.org\/wp-content\/uploads\/2022\/05\/Spanish-Logo-Level-1-Teachable-200x113.png 200w, https:\/\/sfk.org\/wp-content\/uploads\/2022\/05\/Spanish-Logo-Level-1-Teachable-400x225.png 400w, https:\/\/sfk.org\/wp-content\/uploads\/2022\/05\/Spanish-Logo-Level-1-Teachable-600x338.png 600w, https:\/\/sfk.org\/wp-content\/uploads\/2022\/05\/Spanish-Logo-Level-1-Teachable.png 705w\" data-sizes=\"auto\" data-orig-sizes=\"(max-width: 700px) 100vw, 600px\" \/><\/span><\/div><\/div><div class=\"fusion-text fusion-text-4\" style=\"--awb-font-size:15px;--awb-margin-top:15px;\"><p>Ayuda a los ni\u00f1os a controlar sus emociones, mientras adquieren las habilidades necesarias para aumentar su autoestima y despertar su compasi\u00f3n.<\/p>\n<\/div><div class=\"fusion-builder-row fusion-builder-row-inner fusion-row fusion-flex-align-items-center fusion-flex-justify-content-center fusion-flex-content-wrap\" style=\"width:105% !important;max-width:105% !important;margin-left: calc(-5% \/ 2 );margin-right: calc(-5% \/ 2 );\"><div class=\"fusion-layout-column fusion_builder_column_inner fusion-builder-nested-column-0 fusion_builder_column_inner_2_3 2_3 fusion-flex-column\" style=\"--awb-bg-size:cover;--awb-width-large:66.6666666667%;--awb-margin-top-large:0px;--awb-spacing-right-large:3.5625%;--awb-margin-bottom-large:0px;--awb-spacing-left-large:3.5625%;--awb-width-medium:66.6666666667%;--awb-order-medium:0;--awb-spacing-right-medium:3.5625%;--awb-spacing-left-medium:3.5625%;--awb-width-small:66.6666666667%;--awb-order-small:0;--awb-spacing-right-small:3.5625%;--awb-spacing-left-small:3.5625%;\"><div class=\"fusion-column-wrapper fusion-column-has-shadow fusion-flex-justify-content-flex-start fusion-content-layout-column\"><div class=\"fusion-text fusion-text-5\" style=\"--awb-font-size:13px;\"><p><em>Programa para Ni\u00f1os<\/em><\/p>\n<\/div><\/div><\/div><div class=\"fusion-layout-column fusion_builder_column_inner fusion-builder-nested-column-1 fusion_builder_column_inner_1_3 1_3 fusion-flex-column\" style=\"--awb-bg-size:cover;--awb-width-large:33.3333333333%;--awb-margin-top-large:0px;--awb-spacing-right-large:7.125%;--awb-margin-bottom-large:0px;--awb-spacing-left-large:7.125%;--awb-width-medium:33.3333333333%;--awb-order-medium:0;--awb-spacing-right-medium:7.125%;--awb-spacing-left-medium:7.125%;--awb-width-small:33.3333333333%;--awb-order-small:0;--awb-spacing-right-small:7.125%;--awb-spacing-left-small:7.125%;\"><div class=\"fusion-column-wrapper fusion-column-has-shadow fusion-flex-justify-content-flex-end fusion-content-layout-row\"><div class=\"fusion-text fusion-text-6\" style=\"--awb-line-height:0.5;\"><p><del><strong>$149<\/strong><\/del><\/p>\n<p><strong>$50<\/strong><\/p>\n<\/div><\/div><\/div><\/div><\/div><\/div><div class=\"fusion-layout-column fusion_builder_column fusion-builder-column-4 fusion_builder_column_1_2 1_2 fusion-flex-column fusion-column-inner-bg-wrapper fusion-column-liftup-border\" style=\"--awb-padding-top:30px;--awb-padding-right:38px;--awb-padding-bottom:30px;--awb-padding-left:38px;--awb-padding-top-small:20px;--awb-padding-right-small:20px;--awb-padding-left-small:20px;--awb-overflow:hidden;--awb-inner-bg-color:var(--awb-custom_color_4);--awb-inner-bg-color-hover:var(--awb-custom_color_4);--awb-inner-bg-size:cover;--awb-border-radius:20px 20px 20px 20px;--awb-liftup-border-radius:20px 20px 20px 20px;--awb-width-large:50%;--awb-margin-top-large:0px;--awb-spacing-right-large:4.75%;--awb-margin-bottom-large:20px;--awb-spacing-left-large:4.75%;--awb-width-medium:50%;--awb-order-medium:0;--awb-spacing-right-medium:4.75%;--awb-spacing-left-medium:4.75%;--awb-width-small:100%;--awb-order-small:0;--awb-spacing-right-small:2.375%;--awb-spacing-left-small:2.375%;\"><span class=\"fusion-column-inner-bg hover-type-liftup\"><a class=\"fusion-column-anchor\" href=\"https:\/\/sfk.org\/nivel2\"><span class=\"fusion-column-inner-bg-image\"><\/span><\/a><\/span><div class=\"fusion-column-wrapper fusion-flex-justify-content-flex-start fusion-content-layout-column\"><div class=\"fusion-image-element \" style=\"--awb-liftup-border-radius:0px;--awb-caption-title-font-family:var(--h2_typography-font-family);--awb-caption-title-font-weight:var(--h2_typography-font-weight);--awb-caption-title-font-style:var(--h2_typography-font-style);--awb-caption-title-size:var(--h2_typography-font-size);--awb-caption-title-transform:var(--h2_typography-text-transform);--awb-caption-title-line-height:var(--h2_typography-line-height);--awb-caption-title-letter-spacing:var(--h2_typography-letter-spacing);\"><div class=\"awb-image-frame awb-image-frame-3 imageframe-liftup\"><span class=\" fusion-imageframe imageframe-glow imageframe-3\" style=\"-webkit-box-shadow: 0 0 3px var(--awb-color7);box-shadow: 0 0 3px var(--awb-color7);\"><img decoding=\"async\" width=\"705\" height=\"397\" title=\"Spanish Logo Level 2 Teachable\" src=\"https:\/\/sfk.org\/wp-content\/uploads\/2022\/05\/Spanish-Logo-Level-2-Teachable.png\" data-orig-src=\"https:\/\/sfk.org\/wp-content\/uploads\/2022\/05\/Spanish-Logo-Level-2-Teachable.png\" alt class=\"lazyload img-responsive wp-image-2693\" srcset=\"data:image\/svg+xml,%3Csvg%20xmlns%3D%27http%3A%2F%2Fwww.w3.org%2F2000%2Fsvg%27%20width%3D%27705%27%20height%3D%27397%27%20viewBox%3D%270%200%20705%20397%27%3E%3Crect%20width%3D%27705%27%20height%3D%27397%27%20fill-opacity%3D%220%22%2F%3E%3C%2Fsvg%3E\" data-srcset=\"https:\/\/sfk.org\/wp-content\/uploads\/2022\/05\/Spanish-Logo-Level-2-Teachable-200x113.png 200w, https:\/\/sfk.org\/wp-content\/uploads\/2022\/05\/Spanish-Logo-Level-2-Teachable-400x225.png 400w, https:\/\/sfk.org\/wp-content\/uploads\/2022\/05\/Spanish-Logo-Level-2-Teachable-600x338.png 600w, https:\/\/sfk.org\/wp-content\/uploads\/2022\/05\/Spanish-Logo-Level-2-Teachable.png 705w\" data-sizes=\"auto\" data-orig-sizes=\"(max-width: 700px) 100vw, 600px\" \/><\/span><\/div><\/div><div class=\"fusion-text fusion-text-7 fusion-text-no-margin\" style=\"--awb-font-size:14px;--awb-margin-top:15px;--awb-margin-bottom:30px;\"><p>Ayuda a los ni\u00f1os a controlar sus emociones, a establecerse metas, comprender el concepto de causa y efecto, el poder que tienen sus palabras, y mucho m\u00e1s.<\/p>\n<\/div><div class=\"fusion-builder-row fusion-builder-row-inner fusion-row fusion-flex-align-items-center fusion-flex-justify-content-center fusion-flex-content-wrap\" style=\"width:105% !important;max-width:105% !important;margin-left: calc(-5% \/ 2 );margin-right: calc(-5% \/ 2 );\"><div class=\"fusion-layout-column fusion_builder_column_inner fusion-builder-nested-column-2 fusion_builder_column_inner_2_3 2_3 fusion-flex-column\" style=\"--awb-padding-top-medium:40px;--awb-bg-size:cover;--awb-width-large:66.6666666667%;--awb-margin-top-large:0px;--awb-spacing-right-large:3.5625%;--awb-margin-bottom-large:0px;--awb-spacing-left-large:3.5625%;--awb-width-medium:66.6666666667%;--awb-order-medium:0;--awb-spacing-right-medium:3.5625%;--awb-spacing-left-medium:3.5625%;--awb-width-small:66.6666666667%;--awb-order-small:0;--awb-spacing-right-small:3.5625%;--awb-spacing-left-small:3.5625%;\"><div class=\"fusion-column-wrapper fusion-column-has-shadow fusion-flex-justify-content-flex-start fusion-content-layout-column\"><div class=\"fusion-text fusion-text-8\" style=\"--awb-font-size:13px;\"><p><em>Programa para Ni\u00f1os<\/em><\/p>\n<\/div><\/div><\/div><div class=\"fusion-layout-column fusion_builder_column_inner fusion-builder-nested-column-3 fusion_builder_column_inner_1_3 1_3 fusion-flex-column\" style=\"--awb-bg-size:cover;--awb-width-large:33.3333333333%;--awb-margin-top-large:0px;--awb-spacing-right-large:7.125%;--awb-margin-bottom-large:0px;--awb-spacing-left-large:7.125%;--awb-width-medium:33.3333333333%;--awb-order-medium:0;--awb-margin-top-medium:30px;--awb-spacing-right-medium:7.125%;--awb-spacing-left-medium:7.125%;--awb-width-small:33.3333333333%;--awb-order-small:0;--awb-spacing-right-small:7.125%;--awb-spacing-left-small:7.125%;\"><div class=\"fusion-column-wrapper fusion-column-has-shadow fusion-flex-justify-content-flex-end fusion-content-layout-row\"><div class=\"fusion-text fusion-text-9\" style=\"--awb-line-height:0.5;\"><p><del><strong>$149<\/strong><\/del><\/p>\n<p><strong>$50<\/strong><\/p>\n<\/div><\/div><\/div><\/div><\/div><\/div><div class=\"fusion-layout-column fusion_builder_column fusion-builder-column-5 fusion_builder_column_1_1 1_1 fusion-flex-column\" style=\"--awb-padding-top:31px;--awb-padding-right:50px;--awb-padding-left:50px;--awb-padding-right-small:35px;--awb-padding-left-small:35px;--awb-bg-size:cover;--awb-width-large:100%;--awb-margin-top-large:0px;--awb-spacing-right-large:2.28%;--awb-margin-bottom-large:21px;--awb-spacing-left-large:2.47%;--awb-width-medium:100%;--awb-order-medium:0;--awb-spacing-right-medium:2.28%;--awb-spacing-left-medium:2.47%;--awb-width-small:100%;--awb-order-small:0;--awb-spacing-right-small:2.375%;--awb-spacing-left-small:2.375%;\"><div class=\"fusion-column-wrapper fusion-column-has-shadow fusion-flex-justify-content-flex-start fusion-content-layout-column\"><div style=\"text-align:center;\"><a class=\"fusion-button button-flat button-xlarge button-custom fusion-button-default button-2 fusion-button-default-span fusion-button-default-type\" style=\"--button_accent_color:var(--awb-color1);--button_accent_hover_color:var(--awb-color1);--button_border_hover_color:var(--awb-color1);--button-border-radius-top-left:50px;--button-border-radius-top-right:50px;--button-border-radius-bottom-right:50px;--button-border-radius-bottom-left:50px;--button_gradient_top_color:var(--awb-custom_color_2);--button_gradient_bottom_color:var(--awb-custom_color_2);--button_gradient_top_color_hover:var(--awb-custom_color_4);--button_gradient_bottom_color_hover:var(--awb-custom_color_4);--button_text_transform:uppercase;\" target=\"_self\" href=\"https:\/\/sfk.org\/es\/programas-de-sfk\/\"><span class=\"fusion-button-text\">CONOCE TODOS NUESTROS CURSOS<\/span><\/a><\/div><\/div><\/div><\/div><\/div><\/p>\n","protected":false},"excerpt":{"rendered":"","protected":false},"author":3,"featured_media":11850,"comment_status":"open","ping_status":"open","sticky":false,"template":"","format":"standard","meta":{"give_campaign_id":0,"footnotes":""},"categories":[97],"tags":[],"class_list":["post-12016","post","type-post","status-publish","format-standard","has-post-thumbnail","hentry","category-actividad-familiar"],"yoast_head":"<!-- This site is optimized with the Yoast SEO plugin v27.1.1 - https:\/\/yoast.com\/product\/yoast-seo-wordpress\/ -->\n<title>Ayudando a los ni\u00f1os a entender el Poder Invisible que llevan dentro - SFK - Spiritual Social-Emotional Learning for Children and Parents<\/title>\n<meta name=\"robots\" content=\"index, follow, max-snippet:-1, max-image-preview:large, max-video-preview:-1\" \/>\n<link rel=\"canonical\" href=\"https:\/\/sfk.org\/es\/ayudando-a-los-ninos-a-entender-el-poder-invisible-que-llevan-dentro\/\" \/>\n<meta property=\"og:locale\" content=\"es_ES\" \/>\n<meta property=\"og:type\" content=\"article\" \/>\n<meta property=\"og:title\" content=\"Ayudando a los ni\u00f1os a entender el Poder Invisible que llevan dentro - SFK - Spiritual Social-Emotional Learning for Children and Parents\" \/>\n<meta property=\"og:url\" content=\"https:\/\/sfk.org\/es\/ayudando-a-los-ninos-a-entender-el-poder-invisible-que-llevan-dentro\/\" \/>\n<meta property=\"og:site_name\" content=\"SFK - Spiritual Social-Emotional Learning for Children and Parents\" \/>\n<meta property=\"article:publisher\" content=\"https:\/\/facebook.com\/spiritualkids\" \/>\n<meta property=\"article:published_time\" content=\"2023-10-09T23:28:14+00:00\" \/>\n<meta property=\"article:modified_time\" content=\"2023-12-04T15:06:35+00:00\" \/>\n<meta property=\"og:image\" content=\"https:\/\/sfk.org\/wp-content\/uploads\/2023\/10\/The-invisible-power-cover.png\" \/>\n\t<meta property=\"og:image:width\" content=\"1350\" \/>\n\t<meta property=\"og:image:height\" content=\"1350\" \/>\n\t<meta property=\"og:image:type\" content=\"image\/png\" \/>\n<meta name=\"author\" content=\"moshe.oliveira@sfk.org\" \/>\n<meta name=\"twitter:card\" content=\"summary_large_image\" \/>\n<meta name=\"twitter:creator\" content=\"@spiritualkids\" \/>\n<meta name=\"twitter:site\" content=\"@spiritualkids\" \/>\n<meta name=\"twitter:label1\" content=\"Escrito por\" \/>\n\t<meta name=\"twitter:data1\" content=\"moshe.oliveira@sfk.org\" \/>\n\t<meta name=\"twitter:label2\" content=\"Tiempo de lectura\" \/>\n\t<meta name=\"twitter:data2\" content=\"7 minutos\" \/>\n<script type=\"application\/ld+json\" class=\"yoast-schema-graph\">{\"@context\":\"https:\/\/schema.org\",\"@graph\":[{\"@type\":\"Article\",\"@id\":\"https:\/\/sfk.org\/es\/ayudando-a-los-ninos-a-entender-el-poder-invisible-que-llevan-dentro\/#article\",\"isPartOf\":{\"@id\":\"https:\/\/sfk.org\/es\/ayudando-a-los-ninos-a-entender-el-poder-invisible-que-llevan-dentro\/\"},\"author\":{\"name\":\"moshe.oliveira@sfk.org\",\"@id\":\"https:\/\/sfk.org\/es\/#\/schema\/person\/7d525b76eed1c298d774aecd17c73b5a\"},\"headline\":\"Ayudando a los ni\u00f1os a entender el Poder Invisible que llevan dentro\",\"datePublished\":\"2023-10-09T23:28:14+00:00\",\"dateModified\":\"2023-12-04T15:06:35+00:00\",\"mainEntityOfPage\":{\"@id\":\"https:\/\/sfk.org\/es\/ayudando-a-los-ninos-a-entender-el-poder-invisible-que-llevan-dentro\/\"},\"wordCount\":3562,\"commentCount\":0,\"publisher\":{\"@id\":\"https:\/\/sfk.org\/es\/#organization\"},\"image\":{\"@id\":\"https:\/\/sfk.org\/es\/ayudando-a-los-ninos-a-entender-el-poder-invisible-que-llevan-dentro\/#primaryimage\"},\"thumbnailUrl\":\"https:\/\/sfk.org\/wp-content\/uploads\/2023\/10\/The-invisible-power-cover.png\",\"articleSection\":[\"Actividad Familiar\"],\"inLanguage\":\"es\",\"potentialAction\":[{\"@type\":\"CommentAction\",\"name\":\"Comment\",\"target\":[\"https:\/\/sfk.org\/es\/ayudando-a-los-ninos-a-entender-el-poder-invisible-que-llevan-dentro\/#respond\"]}]},{\"@type\":\"WebPage\",\"@id\":\"https:\/\/sfk.org\/es\/ayudando-a-los-ninos-a-entender-el-poder-invisible-que-llevan-dentro\/\",\"url\":\"https:\/\/sfk.org\/es\/ayudando-a-los-ninos-a-entender-el-poder-invisible-que-llevan-dentro\/\",\"name\":\"Ayudando a los ni\u00f1os a entender el Poder Invisible que llevan dentro - SFK - Spiritual Social-Emotional Learning for Children and Parents\",\"isPartOf\":{\"@id\":\"https:\/\/sfk.org\/es\/#website\"},\"primaryImageOfPage\":{\"@id\":\"https:\/\/sfk.org\/es\/ayudando-a-los-ninos-a-entender-el-poder-invisible-que-llevan-dentro\/#primaryimage\"},\"image\":{\"@id\":\"https:\/\/sfk.org\/es\/ayudando-a-los-ninos-a-entender-el-poder-invisible-que-llevan-dentro\/#primaryimage\"},\"thumbnailUrl\":\"https:\/\/sfk.org\/wp-content\/uploads\/2023\/10\/The-invisible-power-cover.png\",\"datePublished\":\"2023-10-09T23:28:14+00:00\",\"dateModified\":\"2023-12-04T15:06:35+00:00\",\"breadcrumb\":{\"@id\":\"https:\/\/sfk.org\/es\/ayudando-a-los-ninos-a-entender-el-poder-invisible-que-llevan-dentro\/#breadcrumb\"},\"inLanguage\":\"es\",\"potentialAction\":[{\"@type\":\"ReadAction\",\"target\":[\"https:\/\/sfk.org\/es\/ayudando-a-los-ninos-a-entender-el-poder-invisible-que-llevan-dentro\/\"]}]},{\"@type\":\"ImageObject\",\"inLanguage\":\"es\",\"@id\":\"https:\/\/sfk.org\/es\/ayudando-a-los-ninos-a-entender-el-poder-invisible-que-llevan-dentro\/#primaryimage\",\"url\":\"https:\/\/sfk.org\/wp-content\/uploads\/2023\/10\/The-invisible-power-cover.png\",\"contentUrl\":\"https:\/\/sfk.org\/wp-content\/uploads\/2023\/10\/The-invisible-power-cover.png\",\"width\":1350,\"height\":1350},{\"@type\":\"BreadcrumbList\",\"@id\":\"https:\/\/sfk.org\/es\/ayudando-a-los-ninos-a-entender-el-poder-invisible-que-llevan-dentro\/#breadcrumb\",\"itemListElement\":[{\"@type\":\"ListItem\",\"position\":1,\"name\":\"Home\",\"item\":\"https:\/\/sfk.org\/es\/\"},{\"@type\":\"ListItem\",\"position\":2,\"name\":\"Ayudando a los ni\u00f1os a entender el Poder Invisible que llevan dentro\"}]},{\"@type\":\"WebSite\",\"@id\":\"https:\/\/sfk.org\/es\/#website\",\"url\":\"https:\/\/sfk.org\/es\/\",\"name\":\"SFK - Spiritual Social-Emotional Learning for Children and Parents\",\"description\":\"We help children develop emotional and spiritual intelligence, know their divine essence, manage their emotions and build resiliency.\",\"publisher\":{\"@id\":\"https:\/\/sfk.org\/es\/#organization\"},\"potentialAction\":[{\"@type\":\"SearchAction\",\"target\":{\"@type\":\"EntryPoint\",\"urlTemplate\":\"https:\/\/sfk.org\/es\/?s={search_term_string}\"},\"query-input\":{\"@type\":\"PropertyValueSpecification\",\"valueRequired\":true,\"valueName\":\"search_term_string\"}}],\"inLanguage\":\"es\"},{\"@type\":\"Organization\",\"@id\":\"https:\/\/sfk.org\/es\/#organization\",\"name\":\"Spirituality for Kids International, Inc. (SFK)\",\"url\":\"https:\/\/sfk.org\/es\/\",\"logo\":{\"@type\":\"ImageObject\",\"inLanguage\":\"es\",\"@id\":\"https:\/\/sfk.org\/es\/#\/schema\/logo\/image\/\",\"url\":\"https:\/\/sfk.org\/wp-content\/uploads\/2022\/07\/SFK-Logo-w_tagline1.png\",\"contentUrl\":\"https:\/\/sfk.org\/wp-content\/uploads\/2022\/07\/SFK-Logo-w_tagline1.png\",\"width\":2560,\"height\":2560,\"caption\":\"Spirituality for Kids International, Inc. (SFK)\"},\"image\":{\"@id\":\"https:\/\/sfk.org\/es\/#\/schema\/logo\/image\/\"},\"sameAs\":[\"https:\/\/facebook.com\/spiritualkids\",\"https:\/\/x.com\/spiritualkids\",\"https:\/\/www.instagram.com\/spiritualkids\/\"]},{\"@type\":\"Person\",\"@id\":\"https:\/\/sfk.org\/es\/#\/schema\/person\/7d525b76eed1c298d774aecd17c73b5a\",\"name\":\"moshe.oliveira@sfk.org\",\"image\":{\"@type\":\"ImageObject\",\"inLanguage\":\"es\",\"@id\":\"https:\/\/sfk.org\/es\/#\/schema\/person\/image\/\",\"url\":\"https:\/\/secure.gravatar.com\/avatar\/45f73c8f780cf9794e02c783bc0edabeae7248ee0eb65de7859ab911a7112594?s=96&d=mm&r=g\",\"contentUrl\":\"https:\/\/secure.gravatar.com\/avatar\/45f73c8f780cf9794e02c783bc0edabeae7248ee0eb65de7859ab911a7112594?s=96&d=mm&r=g\",\"caption\":\"moshe.oliveira@sfk.org\"},\"url\":\"https:\/\/sfk.org\/es\/author\/moshe-oliveirasfk-org\/\"}]}<\/script>\n<!-- \/ Yoast SEO plugin. -->","yoast_head_json":{"title":"Ayudando a los ni\u00f1os a entender el Poder Invisible que llevan dentro - SFK - Spiritual Social-Emotional Learning for Children and Parents","robots":{"index":"index","follow":"follow","max-snippet":"max-snippet:-1","max-image-preview":"max-image-preview:large","max-video-preview":"max-video-preview:-1"},"canonical":"https:\/\/sfk.org\/es\/ayudando-a-los-ninos-a-entender-el-poder-invisible-que-llevan-dentro\/","og_locale":"es_ES","og_type":"article","og_title":"Ayudando a los ni\u00f1os a entender el Poder Invisible que llevan dentro - SFK - Spiritual Social-Emotional Learning for Children and Parents","og_url":"https:\/\/sfk.org\/es\/ayudando-a-los-ninos-a-entender-el-poder-invisible-que-llevan-dentro\/","og_site_name":"SFK - Spiritual Social-Emotional Learning for Children and Parents","article_publisher":"https:\/\/facebook.com\/spiritualkids","article_published_time":"2023-10-09T23:28:14+00:00","article_modified_time":"2023-12-04T15:06:35+00:00","og_image":[{"width":1350,"height":1350,"url":"https:\/\/sfk.org\/wp-content\/uploads\/2023\/10\/The-invisible-power-cover.png","type":"image\/png"}],"author":"moshe.oliveira@sfk.org","twitter_card":"summary_large_image","twitter_creator":"@spiritualkids","twitter_site":"@spiritualkids","twitter_misc":{"Escrito por":"moshe.oliveira@sfk.org","Tiempo de lectura":"7 minutos"},"schema":{"@context":"https:\/\/schema.org","@graph":[{"@type":"Article","@id":"https:\/\/sfk.org\/es\/ayudando-a-los-ninos-a-entender-el-poder-invisible-que-llevan-dentro\/#article","isPartOf":{"@id":"https:\/\/sfk.org\/es\/ayudando-a-los-ninos-a-entender-el-poder-invisible-que-llevan-dentro\/"},"author":{"name":"moshe.oliveira@sfk.org","@id":"https:\/\/sfk.org\/es\/#\/schema\/person\/7d525b76eed1c298d774aecd17c73b5a"},"headline":"Ayudando a los ni\u00f1os a entender el Poder Invisible que llevan dentro","datePublished":"2023-10-09T23:28:14+00:00","dateModified":"2023-12-04T15:06:35+00:00","mainEntityOfPage":{"@id":"https:\/\/sfk.org\/es\/ayudando-a-los-ninos-a-entender-el-poder-invisible-que-llevan-dentro\/"},"wordCount":3562,"commentCount":0,"publisher":{"@id":"https:\/\/sfk.org\/es\/#organization"},"image":{"@id":"https:\/\/sfk.org\/es\/ayudando-a-los-ninos-a-entender-el-poder-invisible-que-llevan-dentro\/#primaryimage"},"thumbnailUrl":"https:\/\/sfk.org\/wp-content\/uploads\/2023\/10\/The-invisible-power-cover.png","articleSection":["Actividad Familiar"],"inLanguage":"es","potentialAction":[{"@type":"CommentAction","name":"Comment","target":["https:\/\/sfk.org\/es\/ayudando-a-los-ninos-a-entender-el-poder-invisible-que-llevan-dentro\/#respond"]}]},{"@type":"WebPage","@id":"https:\/\/sfk.org\/es\/ayudando-a-los-ninos-a-entender-el-poder-invisible-que-llevan-dentro\/","url":"https:\/\/sfk.org\/es\/ayudando-a-los-ninos-a-entender-el-poder-invisible-que-llevan-dentro\/","name":"Ayudando a los ni\u00f1os a entender el Poder Invisible que llevan dentro - SFK - Spiritual Social-Emotional Learning for Children and Parents","isPartOf":{"@id":"https:\/\/sfk.org\/es\/#website"},"primaryImageOfPage":{"@id":"https:\/\/sfk.org\/es\/ayudando-a-los-ninos-a-entender-el-poder-invisible-que-llevan-dentro\/#primaryimage"},"image":{"@id":"https:\/\/sfk.org\/es\/ayudando-a-los-ninos-a-entender-el-poder-invisible-que-llevan-dentro\/#primaryimage"},"thumbnailUrl":"https:\/\/sfk.org\/wp-content\/uploads\/2023\/10\/The-invisible-power-cover.png","datePublished":"2023-10-09T23:28:14+00:00","dateModified":"2023-12-04T15:06:35+00:00","breadcrumb":{"@id":"https:\/\/sfk.org\/es\/ayudando-a-los-ninos-a-entender-el-poder-invisible-que-llevan-dentro\/#breadcrumb"},"inLanguage":"es","potentialAction":[{"@type":"ReadAction","target":["https:\/\/sfk.org\/es\/ayudando-a-los-ninos-a-entender-el-poder-invisible-que-llevan-dentro\/"]}]},{"@type":"ImageObject","inLanguage":"es","@id":"https:\/\/sfk.org\/es\/ayudando-a-los-ninos-a-entender-el-poder-invisible-que-llevan-dentro\/#primaryimage","url":"https:\/\/sfk.org\/wp-content\/uploads\/2023\/10\/The-invisible-power-cover.png","contentUrl":"https:\/\/sfk.org\/wp-content\/uploads\/2023\/10\/The-invisible-power-cover.png","width":1350,"height":1350},{"@type":"BreadcrumbList","@id":"https:\/\/sfk.org\/es\/ayudando-a-los-ninos-a-entender-el-poder-invisible-que-llevan-dentro\/#breadcrumb","itemListElement":[{"@type":"ListItem","position":1,"name":"Home","item":"https:\/\/sfk.org\/es\/"},{"@type":"ListItem","position":2,"name":"Ayudando a los ni\u00f1os a entender el Poder Invisible que llevan dentro"}]},{"@type":"WebSite","@id":"https:\/\/sfk.org\/es\/#website","url":"https:\/\/sfk.org\/es\/","name":"SFK - Spiritual Social-Emotional Learning for Children and Parents","description":"We help children develop emotional and spiritual intelligence, know their divine essence, manage their emotions and build resiliency.","publisher":{"@id":"https:\/\/sfk.org\/es\/#organization"},"potentialAction":[{"@type":"SearchAction","target":{"@type":"EntryPoint","urlTemplate":"https:\/\/sfk.org\/es\/?s={search_term_string}"},"query-input":{"@type":"PropertyValueSpecification","valueRequired":true,"valueName":"search_term_string"}}],"inLanguage":"es"},{"@type":"Organization","@id":"https:\/\/sfk.org\/es\/#organization","name":"Spirituality for Kids International, Inc. (SFK)","url":"https:\/\/sfk.org\/es\/","logo":{"@type":"ImageObject","inLanguage":"es","@id":"https:\/\/sfk.org\/es\/#\/schema\/logo\/image\/","url":"https:\/\/sfk.org\/wp-content\/uploads\/2022\/07\/SFK-Logo-w_tagline1.png","contentUrl":"https:\/\/sfk.org\/wp-content\/uploads\/2022\/07\/SFK-Logo-w_tagline1.png","width":2560,"height":2560,"caption":"Spirituality for Kids International, Inc. (SFK)"},"image":{"@id":"https:\/\/sfk.org\/es\/#\/schema\/logo\/image\/"},"sameAs":["https:\/\/facebook.com\/spiritualkids","https:\/\/x.com\/spiritualkids","https:\/\/www.instagram.com\/spiritualkids\/"]},{"@type":"Person","@id":"https:\/\/sfk.org\/es\/#\/schema\/person\/7d525b76eed1c298d774aecd17c73b5a","name":"moshe.oliveira@sfk.org","image":{"@type":"ImageObject","inLanguage":"es","@id":"https:\/\/sfk.org\/es\/#\/schema\/person\/image\/","url":"https:\/\/secure.gravatar.com\/avatar\/45f73c8f780cf9794e02c783bc0edabeae7248ee0eb65de7859ab911a7112594?s=96&d=mm&r=g","contentUrl":"https:\/\/secure.gravatar.com\/avatar\/45f73c8f780cf9794e02c783bc0edabeae7248ee0eb65de7859ab911a7112594?s=96&d=mm&r=g","caption":"moshe.oliveira@sfk.org"},"url":"https:\/\/sfk.org\/es\/author\/moshe-oliveirasfk-org\/"}]}},"featured_image_src":"https:\/\/sfk.org\/wp-content\/uploads\/2023\/10\/The-invisible-power-cover-600x400.png","featured_image_src_square":"https:\/\/sfk.org\/wp-content\/uploads\/2023\/10\/The-invisible-power-cover-600x600.png","author_info":{"display_name":"moshe.oliveira@sfk.org","author_link":"https:\/\/sfk.org\/es\/author\/moshe-oliveirasfk-org\/"},"_links":{"self":[{"href":"https:\/\/sfk.org\/es\/wp-json\/wp\/v2\/posts\/12016","targetHints":{"allow":["GET"]}}],"collection":[{"href":"https:\/\/sfk.org\/es\/wp-json\/wp\/v2\/posts"}],"about":[{"href":"https:\/\/sfk.org\/es\/wp-json\/wp\/v2\/types\/post"}],"author":[{"embeddable":true,"href":"https:\/\/sfk.org\/es\/wp-json\/wp\/v2\/users\/3"}],"replies":[{"embeddable":true,"href":"https:\/\/sfk.org\/es\/wp-json\/wp\/v2\/comments?post=12016"}],"version-history":[{"count":0,"href":"https:\/\/sfk.org\/es\/wp-json\/wp\/v2\/posts\/12016\/revisions"}],"wp:featuredmedia":[{"embeddable":true,"href":"https:\/\/sfk.org\/es\/wp-json\/wp\/v2\/media\/11850"}],"wp:attachment":[{"href":"https:\/\/sfk.org\/es\/wp-json\/wp\/v2\/media?parent=12016"}],"wp:term":[{"taxonomy":"category","embeddable":true,"href":"https:\/\/sfk.org\/es\/wp-json\/wp\/v2\/categories?post=12016"},{"taxonomy":"post_tag","embeddable":true,"href":"https:\/\/sfk.org\/es\/wp-json\/wp\/v2\/tags?post=12016"}],"curies":[{"name":"wp","href":"https:\/\/api.w.org\/{rel}","templated":true}]}}